{"id":1518,"date":"2017-04-20T12:56:45","date_gmt":"2017-04-20T10:56:45","guid":{"rendered":"http:\/\/www.parlonslean.com\/lean-et-digital\/"},"modified":"2018-05-12T11:45:55","modified_gmt":"2018-05-12T09:45:55","slug":"lean-et-digital-article-de-parlons-lean-le-blog-du-lean-et-du-lean-six-sigma","status":"publish","type":"post","link":"https:\/\/www.praxium.fr\/WordPress3\/lean-et-digital-article-de-parlons-lean-le-blog-du-lean-et-du-lean-six-sigma\/","title":{"rendered":"Lean et Digital un article de Parlons Lean &#8211; Le blog du Lean et du Lean Six Sigma"},"content":{"rendered":"<div>\n<div class=\"post-date\">\n<div class=\"row\">\n<p>Le 19 avril 2017, par Cyril Bourgeon<\/p>\n<\/div>\n<\/div>\n<p>C\u2019est le grand sujet du moment\u00a0: l\u2019entreprise digitale, l\u2019entreprise 4.0 que certains annoncent pour 2020\u00a0! Mais \u00eates-vous s\u00fbr que cette r\u00e9volution n\u2019est pas d\u00e9j\u00e0 en marche\u00a0?<\/p>\n<p>Le digital est partout aujourd\u2019hui. Nos t\u00e9l\u00e9phones sont devenus des extensions de nos cerveaux, nos platines CD (pour ne pas dire vinyle\u00a0!) sont devenus \u00ab vintage \u00bb, nos montres nous aident \u00e0 am\u00e9liorer notre sommeil et bient\u00f4t notre brosse \u00e0 dents dialoguera avec notre dentiste\u00a0! Nous vivons d\u00e9j\u00e0 au milieu des objets connect\u00e9s, que l\u2019on appelle \u00ab\u00a0The Internet of Things\u00a0\u00bb (IoT).<\/p>\n<p>Nos enfants (la g\u00e9n\u00e9ration Y, Z) sont en train d\u2019arriver sur le march\u00e9 du travail et en 2020, 50% de la main d\u2019\u0153uvre sera n\u00e9e avec le digital. Cette g\u00e9n\u00e9ration hyper connect\u00e9e attendra de l\u2019entreprise un acc\u00e8s illimit\u00e9 et imm\u00e9diat \u00e0 l\u2019information mais aussi l\u2019utilisation des m\u00eames outils qu\u2019ils utilisent \u00e0 la maison pour communiquer ou partager des donn\u00e9es. On imagine les transformations qui adviendront pour le management et pour les ressources humaines. Il faudra r\u00e9inventer les processus de management pour les int\u00e9resser, les motiver mais aussi les retenir dans nos entreprises.<\/p>\n<p>C\u2019est donc d\u00e8s maintenant, et non pas en 2020, que l\u2019entreprise doit prendre le virage de la digitalisation pour accompagner\u00a0: les employ\u00e9s, les clients, la supply chain, l\u2019innovation, la gouvernance et l\u2019IT.<\/p>\n<p><strong>Et le Lean dans tout \u00e7a\u00a0?<\/strong><\/p>\n<p>La d\u00e9marche Lean doit aussi s\u2019adapter aux transformations des entreprises. Dans le processus d\u2019innovation, par exemple, l\u2019arriv\u00e9e des imprimantes 3D, des hologrammes ou de la r\u00e9alit\u00e9 virtuelle permettront d\u2019am\u00e9liorer les temps de mise sur le march\u00e9 de produit (Time to Market) en r\u00e9duisant les erreurs afin de sortir les produits \u00ab\u00a0bons du premier coup\u00a0\u00bb.<\/p>\n<p>L\u2019acc\u00e9l\u00e9ration des processus pourrait bien venir de l\u2019utilisation des donn\u00e9es g\u00e9n\u00e9r\u00e9es par l\u2019inter-connectivit\u00e9 des \u00e9quipements et par la simplification des interfaces entre les exploitants et les services supports. Cette utilisation du Big Data permettra par exemple dans le cadre d\u2019une d\u00e9marche TPM, de suivre en dynamique le fonctionnement d\u2019un \u00e9quipement mais aussi d\u2019utiliser toutes les donn\u00e9es pour anticiper les pannes et ainsi, aller plus facilement vers la maintenance pr\u00e9dictive. Toutes ces informations qui aujourd\u2019hui sont trait\u00e9es via d\u2019interminables fichiers Excel, seront demain plus pr\u00e9sentables par l\u2019interm\u00e9diaire d\u2019outils d\u2019analyse et de Big Data. Le reporting et le pilotage devraient y gagner largement.<\/p>\n<p>L\u2019autre volet est l\u2019utilisation du Digital pour d\u00e9velopper la culture d\u2019am\u00e9lioration continue. Lors d\u2019une d\u00e9marche de transformation d\u2019entreprise, la mise en place de la supervision active est un des axes majeurs afin d\u2019ancrer des rituels de management sur des boucles courtes. Les r\u00e9unions quotidiennes sont un moment important pour partager les r\u00e9sultats, les objectifs du jour mais aussi (et surtout) pour d\u00e9velopper la culture de r\u00e9solution de probl\u00e8mes. Cependant, dans le cas d\u2019\u00e9quipe multi sites (ce qui arrive fr\u00e9quemment pour la gestion de <a href=\"http:\/\/www.parlonslean.com\/tag\/projet\/\" class=\"broken_link\">projet<\/a> ou les DSI), ces r\u00e9unions deviennent compliqu\u00e9es \u00e0 animer. Le recours aux outils digitaux, tels que les salles virtuelles, les e-<a href=\"http:\/\/www.parlonslean.com\/tag\/obeya\/\" class=\"broken_link\">Obeya<\/a>, les outils de gestions de projet en ligne, etc., connect\u00e9s en temps r\u00e9el \u00e0 vos bases de donn\u00e9es permettent un suivi des encours, des temps de traitement, des retards et donc, une meilleure gestion de l\u2019ad\u00e9quation charge\/capacit\u00e9. Mais surtout, cela permet de rapprocher les personnes et ainsi d\u00e9velopper l\u2019intelligence collective de l\u2019\u00e9quipe.<\/p>\n<p>Ce sont des exemples parmi d\u2019autres, mais qui montrent que le Lean a d\u00e9j\u00e0 pris sa place dans cette mutation. L\u2019arriv\u00e9e sur le march\u00e9 de nouveaux outils continuera \u00e0 simplifier le quotidien des op\u00e9rateurs et des services supports et continuera d\u2019\u00eatre une opportunit\u00e9 d\u2019acc\u00e9l\u00e9ration des processus de compr\u00e9hension et de r\u00e9solution de probl\u00e8mes.<\/p>\n<p>Il ne faut cependant pas oublier qu\u2019une transformation Lean repose avant tout, sur trois principes\u00a0: le juste n\u00e9cessaire, la remise en cause permanente et l\u2019intelligence collective. Les outils du digital doivent donc rester au service de la d\u00e9marche et se mettre au service des collaborateurs. En aucun cas, il ne s\u2019agit de supprimer l\u2019humain du syst\u00e8me mais au contraire de lui faciliter la vie. Pour ceux qui pensent que l\u2019avenir de l\u2019entreprise est aux robots et au tout digital, essayez de demander \u00e0 un manipulateur 5 axes de faire preuve de cr\u00e9ativit\u00e9 et d\u2019innovation\u00a0!<\/p>\n<p><span class=\"commented-out-html\" style=\"display: none;\"> You can start editing here. <\/span><\/p>\n<p><span class=\"commented-out-html\" style=\"display: none;\"> If comments are open, but there are no comments. <\/span><\/p>\n<p><span class=\"commented-out-html\" style=\"display: none;\"> #respond <\/span><\/p>\n<\/div>\n<p>Source: <a href=\"http:\/\/www.parlonslean.com\/lean-et-digital\/\" target=\"_blank\" rel=\"noopener\">Lean et DigitalParlons Lean \u2013 Le blog du Lean et du Lean Six Sigma<\/a><\/p>\n","protected":false},"excerpt":{"rendered":"<p>Le 19 avril 2017, par Cyril Bourgeon C\u2019est le grand sujet du moment\u00a0: l\u2019entreprise digitale, l\u2019entreprise 4.0 que certains annoncent pour 2020\u00a0! Mais \u00eates-vous s\u00fbr que cette r\u00e9volution n\u2019est pas d\u00e9j\u00e0 en marche\u00a0? Le digital est partout aujourd\u2019hui. Nos t\u00e9l\u00e9phones sont devenus des extensions de nos cerveaux, nos platines CD (pour ne pas dire vinyle\u00a0!)<\/p>\n","protected":false},"author":2,"featured_media":1519,"comment_status":"open","ping_status":"closed","sticky":false,"template":"","format":"standard","meta":{"_exactmetrics_skip_tracking":false,"_exactmetrics_sitenote_active":false,"_exactmetrics_sitenote_note":"","_exactmetrics_sitenote_category":0,"_jetpack_memberships_contains_paid_content":false,"item_id":"68ed618e6f01a52a9816429ec28a70ac","pf_source_link":"","item_date":"2017-04-20 11:56:45","item_author":"Cyril Bourgeon","item_link":"http:\/\/www.parlonslean.com\/lean-et-digital\/","item_feat_img":"","item_wp_date":"2017-04-20 11:56:45","item_tags":"","source_publication_name":"","source_publication_url":"","nomination_count":"1","sortable_item_date":"1520251005","pf_word_count":"","pf_forward_to_origin":"no-forward","footnotes":""},"categories":[6],"tags":[80,81,82,83,85,86,87,48,88,89,90,91],"class_list":["post-1518","post","type-post","status-publish","format-standard","has-post-thumbnail","hentry","category-transformation-lean","tag-bigdata","tag-dmarchelean","tag-dmarchetpm","tag-digital","tag-entreprisedufutur","tag-innovation","tag-iot","tag-lean","tag-leanmanagement","tag-mrp","tag-performances","tag-rsolutiondeproblmes"],"yoast_head":"<!-- This site is optimized with the Yoast SEO plugin v23.7 - https:\/\/yoast.com\/wordpress\/plugins\/seo\/ -->\n<title>Lean et Digital un article de Parlons Lean - Le blog du Lean et du Lean Six Sigma - Praxium<\/title>\n<meta name=\"description\" content=\"Le 19 avril 2017, par Cyril Bourgeon C\u2019est le grand sujet du moment\u00a0: l\u2019entreprise digitale, l\u2019entreprise 4.0 que certains annoncent pour 2020\u00a0! Mais\" \/>\n<meta name=\"robots\" content=\"index, follow, max-snippet:-1, max-image-preview:large, max-video-preview:-1\" \/>\n<link rel=\"canonical\" href=\"https:\/\/www.praxium.fr\/WordPress3\/lean-et-digital-article-de-parlons-lean-le-blog-du-lean-et-du-lean-six-sigma\/\" \/>\n<meta property=\"og:locale\" content=\"fr_FR\" \/>\n<meta property=\"og:type\" content=\"article\" \/>\n<meta property=\"og:title\" content=\"Lean et Digital un article de Parlons Lean - Le blog du Lean et du Lean Six Sigma - Praxium\" \/>\n<meta property=\"og:description\" content=\"Le 19 avril 2017, par Cyril Bourgeon C\u2019est le grand sujet du moment\u00a0: l\u2019entreprise digitale, l\u2019entreprise 4.0 que certains annoncent pour 2020\u00a0! Mais\" \/>\n<meta property=\"og:url\" content=\"https:\/\/www.praxium.fr\/WordPress3\/lean-et-digital-article-de-parlons-lean-le-blog-du-lean-et-du-lean-six-sigma\/\" \/>\n<meta property=\"og:site_name\" content=\"Praxium\" \/>\n<meta property=\"article:publisher\" content=\"https:\/\/www.facebook.com\/praxium\/\" \/>\n<meta property=\"article:published_time\" content=\"2017-04-20T10:56:45+00:00\" \/>\n<meta property=\"article:modified_time\" content=\"2018-05-12T09:45:55+00:00\" \/>\n<meta property=\"og:image\" content=\"https:\/\/www.praxium.fr\/WordPress3\/wp-content\/uploads\/2018\/03\/1518-Optimisation_Fotolia_93312798_S.jpg\" \/>\n\t<meta property=\"og:image:width\" content=\"1202\" \/>\n\t<meta property=\"og:image:height\" content=\"399\" \/>\n\t<meta property=\"og:image:type\" content=\"image\/jpeg\" \/>\n<meta name=\"author\" content=\"M\u00e9nard\" \/>\n<meta name=\"twitter:card\" content=\"summary_large_image\" \/>\n<meta name=\"twitter:creator\" content=\"@Praxium_fr\" \/>\n<meta name=\"twitter:site\" content=\"@Praxium_fr\" \/>\n<meta name=\"twitter:label1\" content=\"\u00c9crit par\" \/>\n\t<meta name=\"twitter:data1\" content=\"M\u00e9nard\" \/>\n\t<meta name=\"twitter:label2\" content=\"Dur\u00e9e de lecture estim\u00e9e\" \/>\n\t<meta name=\"twitter:data2\" content=\"4 minutes\" \/>\n<script type=\"application\/ld+json\" class=\"yoast-schema-graph\">{\"@context\":\"https:\/\/schema.org\",\"@graph\":[{\"@type\":\"WebPage\",\"@id\":\"https:\/\/www.praxium.fr\/WordPress3\/lean-et-digital-article-de-parlons-lean-le-blog-du-lean-et-du-lean-six-sigma\/\",\"url\":\"https:\/\/www.praxium.fr\/WordPress3\/lean-et-digital-article-de-parlons-lean-le-blog-du-lean-et-du-lean-six-sigma\/\",\"name\":\"Lean et Digital un article de Parlons Lean - Le blog du Lean et du Lean Six Sigma - Praxium\",\"isPartOf\":{\"@id\":\"https:\/\/www.praxium.fr\/WordPress3\/#website\"},\"primaryImageOfPage\":{\"@id\":\"https:\/\/www.praxium.fr\/WordPress3\/lean-et-digital-article-de-parlons-lean-le-blog-du-lean-et-du-lean-six-sigma\/#primaryimage\"},\"image\":{\"@id\":\"https:\/\/www.praxium.fr\/WordPress3\/lean-et-digital-article-de-parlons-lean-le-blog-du-lean-et-du-lean-six-sigma\/#primaryimage\"},\"thumbnailUrl\":\"https:\/\/www.praxium.fr\/WordPress3\/wp-content\/uploads\/2018\/03\/1518-Optimisation_Fotolia_93312798_S.jpg\",\"datePublished\":\"2017-04-20T10:56:45+00:00\",\"dateModified\":\"2018-05-12T09:45:55+00:00\",\"author\":{\"@id\":\"https:\/\/www.praxium.fr\/WordPress3\/#\/schema\/person\/a03694b6047cf58a5c3dcd970d992691\"},\"description\":\"Le 19 avril 2017, par Cyril Bourgeon C\u2019est le grand sujet du moment\u00a0: l\u2019entreprise digitale, l\u2019entreprise 4.0 que certains annoncent pour 2020\u00a0! Mais\",\"breadcrumb\":{\"@id\":\"https:\/\/www.praxium.fr\/WordPress3\/lean-et-digital-article-de-parlons-lean-le-blog-du-lean-et-du-lean-six-sigma\/#breadcrumb\"},\"inLanguage\":\"fr-FR\",\"potentialAction\":[{\"@type\":\"ReadAction\",\"target\":[\"https:\/\/www.praxium.fr\/WordPress3\/lean-et-digital-article-de-parlons-lean-le-blog-du-lean-et-du-lean-six-sigma\/\"]}]},{\"@type\":\"ImageObject\",\"inLanguage\":\"fr-FR\",\"@id\":\"https:\/\/www.praxium.fr\/WordPress3\/lean-et-digital-article-de-parlons-lean-le-blog-du-lean-et-du-lean-six-sigma\/#primaryimage\",\"url\":\"https:\/\/www.praxium.fr\/WordPress3\/wp-content\/uploads\/2018\/03\/1518-Optimisation_Fotolia_93312798_S.jpg\",\"contentUrl\":\"https:\/\/www.praxium.fr\/WordPress3\/wp-content\/uploads\/2018\/03\/1518-Optimisation_Fotolia_93312798_S.jpg\",\"width\":1202,\"height\":399},{\"@type\":\"BreadcrumbList\",\"@id\":\"https:\/\/www.praxium.fr\/WordPress3\/lean-et-digital-article-de-parlons-lean-le-blog-du-lean-et-du-lean-six-sigma\/#breadcrumb\",\"itemListElement\":[{\"@type\":\"ListItem\",\"position\":1,\"name\":\"Accueil\",\"item\":\"https:\/\/www.praxium.fr\/WordPress3\/\"},{\"@type\":\"ListItem\",\"position\":2,\"name\":\"R\u00e9f\u00e9rentiel\",\"item\":\"https:\/\/www.praxium.fr\/WordPress3\/categorie\/referentiel\/\"},{\"@type\":\"ListItem\",\"position\":3,\"name\":\"Transformation Lean\",\"item\":\"https:\/\/www.praxium.fr\/WordPress3\/categorie\/referentiel\/transformation-lean\/\"},{\"@type\":\"ListItem\",\"position\":4,\"name\":\"Lean et Digital un article de Parlons Lean &#8211; Le blog du Lean et du Lean Six Sigma\"}]},{\"@type\":\"WebSite\",\"@id\":\"https:\/\/www.praxium.fr\/WordPress3\/#website\",\"url\":\"https:\/\/www.praxium.fr\/WordPress3\/\",\"name\":\"Praxium\",\"description\":\"am\u00e9liore votre comp\u00e9titivit\u00e9...\",\"potentialAction\":[{\"@type\":\"SearchAction\",\"target\":{\"@type\":\"EntryPoint\",\"urlTemplate\":\"https:\/\/www.praxium.fr\/WordPress3\/?s={search_term_string}\"},\"query-input\":{\"@type\":\"PropertyValueSpecification\",\"valueRequired\":true,\"valueName\":\"search_term_string\"}}],\"inLanguage\":\"fr-FR\"},{\"@type\":\"Person\",\"@id\":\"https:\/\/www.praxium.fr\/WordPress3\/#\/schema\/person\/a03694b6047cf58a5c3dcd970d992691\",\"name\":\"M\u00e9nard\",\"image\":{\"@type\":\"ImageObject\",\"inLanguage\":\"fr-FR\",\"@id\":\"https:\/\/www.praxium.fr\/WordPress3\/#\/schema\/person\/image\/\",\"url\":\"https:\/\/secure.gravatar.com\/avatar\/dd0aa0144fd26be766846ff71f551a13?s=96&d=mm&r=g\",\"contentUrl\":\"https:\/\/secure.gravatar.com\/avatar\/dd0aa0144fd26be766846ff71f551a13?s=96&d=mm&r=g\",\"caption\":\"M\u00e9nard\"},\"sameAs\":[\"https:\/\/praxium.fr\/\"]}]}<\/script>\n<!-- \/ Yoast SEO plugin. -->","yoast_head_json":{"title":"Lean et Digital un article de Parlons Lean - Le blog du Lean et du Lean Six Sigma - Praxium","description":"Le 19 avril 2017, par Cyril Bourgeon C\u2019est le grand sujet du moment\u00a0: l\u2019entreprise digitale, l\u2019entreprise 4.0 que certains annoncent pour 2020\u00a0! Mais","robots":{"index":"index","follow":"follow","max-snippet":"max-snippet:-1","max-image-preview":"max-image-preview:large","max-video-preview":"max-video-preview:-1"},"canonical":"https:\/\/www.praxium.fr\/WordPress3\/lean-et-digital-article-de-parlons-lean-le-blog-du-lean-et-du-lean-six-sigma\/","og_locale":"fr_FR","og_type":"article","og_title":"Lean et Digital un article de Parlons Lean - Le blog du Lean et du Lean Six Sigma - Praxium","og_description":"Le 19 avril 2017, par Cyril Bourgeon C\u2019est le grand sujet du moment\u00a0: l\u2019entreprise digitale, l\u2019entreprise 4.0 que certains annoncent pour 2020\u00a0! Mais","og_url":"https:\/\/www.praxium.fr\/WordPress3\/lean-et-digital-article-de-parlons-lean-le-blog-du-lean-et-du-lean-six-sigma\/","og_site_name":"Praxium","article_publisher":"https:\/\/www.facebook.com\/praxium\/","article_published_time":"2017-04-20T10:56:45+00:00","article_modified_time":"2018-05-12T09:45:55+00:00","og_image":[{"width":1202,"height":399,"url":"https:\/\/www.praxium.fr\/WordPress3\/wp-content\/uploads\/2018\/03\/1518-Optimisation_Fotolia_93312798_S.jpg","type":"image\/jpeg"}],"author":"M\u00e9nard","twitter_card":"summary_large_image","twitter_creator":"@Praxium_fr","twitter_site":"@Praxium_fr","twitter_misc":{"\u00c9crit par":"M\u00e9nard","Dur\u00e9e de lecture estim\u00e9e":"4 minutes"},"schema":{"@context":"https:\/\/schema.org","@graph":[{"@type":"WebPage","@id":"https:\/\/www.praxium.fr\/WordPress3\/lean-et-digital-article-de-parlons-lean-le-blog-du-lean-et-du-lean-six-sigma\/","url":"https:\/\/www.praxium.fr\/WordPress3\/lean-et-digital-article-de-parlons-lean-le-blog-du-lean-et-du-lean-six-sigma\/","name":"Lean et Digital un article de Parlons Lean - Le blog du Lean et du Lean Six Sigma - Praxium","isPartOf":{"@id":"https:\/\/www.praxium.fr\/WordPress3\/#website"},"primaryImageOfPage":{"@id":"https:\/\/www.praxium.fr\/WordPress3\/lean-et-digital-article-de-parlons-lean-le-blog-du-lean-et-du-lean-six-sigma\/#primaryimage"},"image":{"@id":"https:\/\/www.praxium.fr\/WordPress3\/lean-et-digital-article-de-parlons-lean-le-blog-du-lean-et-du-lean-six-sigma\/#primaryimage"},"thumbnailUrl":"https:\/\/www.praxium.fr\/WordPress3\/wp-content\/uploads\/2018\/03\/1518-Optimisation_Fotolia_93312798_S.jpg","datePublished":"2017-04-20T10:56:45+00:00","dateModified":"2018-05-12T09:45:55+00:00","author":{"@id":"https:\/\/www.praxium.fr\/WordPress3\/#\/schema\/person\/a03694b6047cf58a5c3dcd970d992691"},"description":"Le 19 avril 2017, par Cyril Bourgeon C\u2019est le grand sujet du moment\u00a0: l\u2019entreprise digitale, l\u2019entreprise 4.0 que certains annoncent pour 2020\u00a0! Mais","breadcrumb":{"@id":"https:\/\/www.praxium.fr\/WordPress3\/lean-et-digital-article-de-parlons-lean-le-blog-du-lean-et-du-lean-six-sigma\/#breadcrumb"},"inLanguage":"fr-FR","potentialAction":[{"@type":"ReadAction","target":["https:\/\/www.praxium.fr\/WordPress3\/lean-et-digital-article-de-parlons-lean-le-blog-du-lean-et-du-lean-six-sigma\/"]}]},{"@type":"ImageObject","inLanguage":"fr-FR","@id":"https:\/\/www.praxium.fr\/WordPress3\/lean-et-digital-article-de-parlons-lean-le-blog-du-lean-et-du-lean-six-sigma\/#primaryimage","url":"https:\/\/www.praxium.fr\/WordPress3\/wp-content\/uploads\/2018\/03\/1518-Optimisation_Fotolia_93312798_S.jpg","contentUrl":"https:\/\/www.praxium.fr\/WordPress3\/wp-content\/uploads\/2018\/03\/1518-Optimisation_Fotolia_93312798_S.jpg","width":1202,"height":399},{"@type":"BreadcrumbList","@id":"https:\/\/www.praxium.fr\/WordPress3\/lean-et-digital-article-de-parlons-lean-le-blog-du-lean-et-du-lean-six-sigma\/#breadcrumb","itemListElement":[{"@type":"ListItem","position":1,"name":"Accueil","item":"https:\/\/www.praxium.fr\/WordPress3\/"},{"@type":"ListItem","position":2,"name":"R\u00e9f\u00e9rentiel","item":"https:\/\/www.praxium.fr\/WordPress3\/categorie\/referentiel\/"},{"@type":"ListItem","position":3,"name":"Transformation Lean","item":"https:\/\/www.praxium.fr\/WordPress3\/categorie\/referentiel\/transformation-lean\/"},{"@type":"ListItem","position":4,"name":"Lean et Digital un article de Parlons Lean &#8211; Le blog du Lean et du Lean Six Sigma"}]},{"@type":"WebSite","@id":"https:\/\/www.praxium.fr\/WordPress3\/#website","url":"https:\/\/www.praxium.fr\/WordPress3\/","name":"Praxium","description":"am\u00e9liore votre comp\u00e9titivit\u00e9...","potentialAction":[{"@type":"SearchAction","target":{"@type":"EntryPoint","urlTemplate":"https:\/\/www.praxium.fr\/WordPress3\/?s={search_term_string}"},"query-input":{"@type":"PropertyValueSpecification","valueRequired":true,"valueName":"search_term_string"}}],"inLanguage":"fr-FR"},{"@type":"Person","@id":"https:\/\/www.praxium.fr\/WordPress3\/#\/schema\/person\/a03694b6047cf58a5c3dcd970d992691","name":"M\u00e9nard","image":{"@type":"ImageObject","inLanguage":"fr-FR","@id":"https:\/\/www.praxium.fr\/WordPress3\/#\/schema\/person\/image\/","url":"https:\/\/secure.gravatar.com\/avatar\/dd0aa0144fd26be766846ff71f551a13?s=96&d=mm&r=g","contentUrl":"https:\/\/secure.gravatar.com\/avatar\/dd0aa0144fd26be766846ff71f551a13?s=96&d=mm&r=g","caption":"M\u00e9nard"},"sameAs":["https:\/\/praxium.fr\/"]}]}},"jetpack_featured_media_url":"https:\/\/www.praxium.fr\/WordPress3\/wp-content\/uploads\/2018\/03\/1518-Optimisation_Fotolia_93312798_S.jpg","nominators":{"2":{"user_id":2,"nomination_datetime":"2018-03-05 11:56:45","nomination_unixtime":1520251005}},"jetpack_shortlink":"https:\/\/wp.me\/p5QOhk-ou","jetpack_sharing_enabled":true,"_links":{"self":[{"href":"https:\/\/www.praxium.fr\/WordPress3\/wp-json\/wp\/v2\/posts\/1518"}],"collection":[{"href":"https:\/\/www.praxium.fr\/WordPress3\/wp-json\/wp\/v2\/posts"}],"about":[{"href":"https:\/\/www.praxium.fr\/WordPress3\/wp-json\/wp\/v2\/types\/post"}],"author":[{"embeddable":true,"href":"https:\/\/www.praxium.fr\/WordPress3\/wp-json\/wp\/v2\/users\/2"}],"replies":[{"embeddable":true,"href":"https:\/\/www.praxium.fr\/WordPress3\/wp-json\/wp\/v2\/comments?post=1518"}],"version-history":[{"count":4,"href":"https:\/\/www.praxium.fr\/WordPress3\/wp-json\/wp\/v2\/posts\/1518\/revisions"}],"predecessor-version":[{"id":1818,"href":"https:\/\/www.praxium.fr\/WordPress3\/wp-json\/wp\/v2\/posts\/1518\/revisions\/1818"}],"nominator":[{"embeddable":false,"href":"https:\/\/www.praxium.fr\/WordPress3\/wp-json\/wp\/v2\/user\/2"}],"wp:featuredmedia":[{"embeddable":true,"href":"https:\/\/www.praxium.fr\/WordPress3\/wp-json\/wp\/v2\/media\/1519"}],"wp:attachment":[{"href":"https:\/\/www.praxium.fr\/WordPress3\/wp-json\/wp\/v2\/media?parent=1518"}],"wp:term":[{"attributes":{"taxonomy":"category","embeddable":true},"href":"https:\/\/www.praxium.fr\/WordPress3\/wp-json\/wp\/v2\/categories?post=1518"},{"attributes":{"taxonomy":"post_tag","embeddable":true},"href":"https:\/\/www.praxium.fr\/WordPress3\/wp-json\/wp\/v2\/tags?post=1518"}],"curies":[{"name":"wp","href":"https:\/\/api.w.org\/{rel}","templated":true}]}}