{"id":287,"date":"2015-03-18T11:40:04","date_gmt":"2015-03-18T10:40:04","guid":{"rendered":"http:\/\/praxium.fr\/WordPress3\/?p=287"},"modified":"2018-02-20T16:21:44","modified_gmt":"2018-02-20T15:21:44","slug":"la-generation-y-le-manager-et-lentreprise","status":"publish","type":"post","link":"https:\/\/www.praxium.fr\/WordPress3\/la-generation-y-le-manager-et-lentreprise\/","title":{"rendered":"La g\u00e9n\u00e9ration Y, le manager et l&#8217;entreprise"},"content":{"rendered":"<h1>\u00e0 lire&#8230; g\u00e9n\u00e9ration Y et l&#8217;entreprise<\/h1>\n<div id=\"attachment_433\" style=\"width: 140px\" class=\"wp-caption alignleft\"><a href=\"https:\/\/www.praxium.fr\/WordPress3\/wp-content\/uploads\/2015\/03\/7560262-11667140.jpg\" rel=\"attachment wp-att-433\"><img loading=\"lazy\" decoding=\"async\" aria-describedby=\"caption-attachment-433\" class=\"wp-image-433 size-full\" src=\"https:\/\/www.praxium.fr\/WordPress3\/wp-content\/uploads\/2015\/03\/7560262-11667140.jpg\" alt=\"7560262-11667140\" width=\"130\" height=\"195\" \/><\/a><p id=\"caption-attachment-433\" class=\"wp-caption-text\">la g\u00e9n\u00e9ration Y<\/p><\/div>\n<p>La \u00ab g\u00e9n\u00e9ration Y \u00bb occupe les d\u00e9bats depuis plus d\u2019une d\u00e9cennie. Comment la d\u00e9finir ? Comment travailler avec ces digital natives, ces jeunes dipl\u00f4m\u00e9s qui sont n\u00e9s avec le num\u00e9rique et qui affichent des comportements nouveaux ? D\u00e9stabilis\u00e9s par leurs pratiques, leurs comportements et leurs attitudes, de nombreux managers se plaignent de ne pas comprendre leurs jeunes collaborateurs.<br \/>\nAu-del\u00e0 de la question du management interg\u00e9n\u00e9rationnel et des clich\u00e9s qui peuvent circuler sur ce sujet, ce sont les pratiques du digital des jeunes g\u00e9n\u00e9rations qui sont interrog\u00e9es ici. Quel est leur niveau de pratique du digital ? Quelles sont leurs repr\u00e9sentations de ces outils, services et contenus ? Quels managers seront-ils demain, \u00e0 l\u2019aune de ces pratiques et repr\u00e9sentations ? Quelles \u00e9volutions des comportements num\u00e9riques apportent-ils \u00e0 l\u2019entreprise ?<br \/>\nDes cas d\u2019entreprises compl\u00e8tent cet \u00e9tat des lieux.<\/p>\n<h2>Public :<\/h2>\n<p>Les managers, les dirigeants d\u2019entreprise et les consultants en management et en strat\u00e9gie digitale, tout comme les enseignants et \u00e9tudiants en management, en sociologie ou encore dans le champ des Digital Studies.<\/p>\n<p><a href=\"http:\/\/www.finyear.com\/La-generation-Y-le-manager-et-l-entrerpise_a32212.html\" class=\"broken_link\">La g\u00e9n\u00e9ration Y, le manager et l&#8217;entrerpise<\/a>.<\/p>\n","protected":false},"excerpt":{"rendered":"<p>\u00e0 lire&#8230; g\u00e9n\u00e9ration Y et l&#8217;entreprise La \u00ab g\u00e9n\u00e9ration Y \u00bb occupe les d\u00e9bats depuis plus d\u2019une d\u00e9cennie. Comment la d\u00e9finir ? Comment travailler avec ces digital natives, ces jeunes dipl\u00f4m\u00e9s qui sont n\u00e9s avec le num\u00e9rique et qui affichent des comportements nouveaux ? D\u00e9stabilis\u00e9s par leurs pratiques, leurs comportements et leurs attitudes, de nombreux<\/p>\n","protected":false},"author":2,"featured_media":0,"comment_status":"closed","ping_status":"open","sticky":false,"template":"","format":"standard","meta":{"_exactmetrics_skip_tracking":false,"_exactmetrics_sitenote_active":false,"_exactmetrics_sitenote_note":"","_exactmetrics_sitenote_category":0,"_jetpack_memberships_contains_paid_content":false,"item_id":"","pf_source_link":"","item_date":"","item_author":"","item_link":"","item_feat_img":"","item_wp_date":"","item_tags":"","source_publication_name":"","source_publication_url":"","nomination_count":"","sortable_item_date":"","pf_word_count":"","pf_forward_to_origin":"no-forward","footnotes":""},"categories":[27],"tags":[43,57],"class_list":["post-287","post","type-post","status-publish","format-standard","hentry","category-actualites","tag-generations","tag-livres"],"yoast_head":"<!-- This site is optimized with the Yoast SEO plugin v23.7 - https:\/\/yoast.com\/wordpress\/plugins\/seo\/ -->\n<title>La g\u00e9n\u00e9ration Y, le manager et l&#039;entreprise - Praxium<\/title>\n<meta name=\"description\" content=\"\u00e0 lire... g\u00e9n\u00e9ration Y et l&#039;entreprise La \u00ab g\u00e9n\u00e9ration Y \u00bb occupe les d\u00e9bats depuis plus d\u2019une d\u00e9cennie. Comment la d\u00e9finir ? Comment travailler avec ces\" \/>\n<meta name=\"robots\" content=\"index, follow, max-snippet:-1, max-image-preview:large, max-video-preview:-1\" \/>\n<link rel=\"canonical\" href=\"https:\/\/www.praxium.fr\/WordPress3\/la-generation-y-le-manager-et-lentreprise\/\" \/>\n<meta property=\"og:locale\" content=\"fr_FR\" \/>\n<meta property=\"og:type\" content=\"article\" \/>\n<meta property=\"og:title\" content=\"La g\u00e9n\u00e9ration Y, le manager et l&#039;entreprise - Praxium\" \/>\n<meta property=\"og:description\" content=\"\u00e0 lire... g\u00e9n\u00e9ration Y et l&#039;entreprise La \u00ab g\u00e9n\u00e9ration Y \u00bb occupe les d\u00e9bats depuis plus d\u2019une d\u00e9cennie. Comment la d\u00e9finir ? Comment travailler avec ces\" \/>\n<meta property=\"og:url\" content=\"https:\/\/www.praxium.fr\/WordPress3\/la-generation-y-le-manager-et-lentreprise\/\" \/>\n<meta property=\"og:site_name\" content=\"Praxium\" \/>\n<meta property=\"article:publisher\" content=\"https:\/\/www.facebook.com\/praxium\/\" \/>\n<meta property=\"article:published_time\" content=\"2015-03-18T10:40:04+00:00\" \/>\n<meta property=\"article:modified_time\" content=\"2018-02-20T15:21:44+00:00\" \/>\n<meta property=\"og:image\" content=\"https:\/\/www.praxium.fr\/WordPress3\/wp-content\/uploads\/2015\/03\/7560262-11667140.jpg\" \/>\n<meta name=\"author\" content=\"M\u00e9nard\" \/>\n<meta name=\"twitter:card\" content=\"summary_large_image\" \/>\n<meta name=\"twitter:creator\" content=\"@Praxium_fr\" \/>\n<meta name=\"twitter:site\" content=\"@Praxium_fr\" \/>\n<meta name=\"twitter:label1\" content=\"\u00c9crit par\" \/>\n\t<meta name=\"twitter:data1\" content=\"M\u00e9nard\" \/>\n\t<meta name=\"twitter:label2\" content=\"Dur\u00e9e de lecture estim\u00e9e\" \/>\n\t<meta name=\"twitter:data2\" content=\"1 minute\" \/>\n<script type=\"application\/ld+json\" class=\"yoast-schema-graph\">{\"@context\":\"https:\/\/schema.org\",\"@graph\":[{\"@type\":\"WebPage\",\"@id\":\"https:\/\/www.praxium.fr\/WordPress3\/la-generation-y-le-manager-et-lentreprise\/\",\"url\":\"https:\/\/www.praxium.fr\/WordPress3\/la-generation-y-le-manager-et-lentreprise\/\",\"name\":\"La g\u00e9n\u00e9ration Y, le manager et l'entreprise - Praxium\",\"isPartOf\":{\"@id\":\"https:\/\/www.praxium.fr\/WordPress3\/#website\"},\"primaryImageOfPage\":{\"@id\":\"https:\/\/www.praxium.fr\/WordPress3\/la-generation-y-le-manager-et-lentreprise\/#primaryimage\"},\"image\":{\"@id\":\"https:\/\/www.praxium.fr\/WordPress3\/la-generation-y-le-manager-et-lentreprise\/#primaryimage\"},\"thumbnailUrl\":\"https:\/\/www.praxium.fr\/WordPress3\/wp-content\/uploads\/2015\/03\/7560262-11667140.jpg\",\"datePublished\":\"2015-03-18T10:40:04+00:00\",\"dateModified\":\"2018-02-20T15:21:44+00:00\",\"author\":{\"@id\":\"https:\/\/www.praxium.fr\/WordPress3\/#\/schema\/person\/a03694b6047cf58a5c3dcd970d992691\"},\"description\":\"\u00e0 lire... g\u00e9n\u00e9ration Y et l'entreprise La \u00ab g\u00e9n\u00e9ration Y \u00bb occupe les d\u00e9bats depuis plus d\u2019une d\u00e9cennie. Comment la d\u00e9finir ? Comment travailler avec ces\",\"breadcrumb\":{\"@id\":\"https:\/\/www.praxium.fr\/WordPress3\/la-generation-y-le-manager-et-lentreprise\/#breadcrumb\"},\"inLanguage\":\"fr-FR\",\"potentialAction\":[{\"@type\":\"ReadAction\",\"target\":[\"https:\/\/www.praxium.fr\/WordPress3\/la-generation-y-le-manager-et-lentreprise\/\"]}]},{\"@type\":\"ImageObject\",\"inLanguage\":\"fr-FR\",\"@id\":\"https:\/\/www.praxium.fr\/WordPress3\/la-generation-y-le-manager-et-lentreprise\/#primaryimage\",\"url\":\"https:\/\/www.praxium.fr\/WordPress3\/wp-content\/uploads\/2015\/03\/7560262-11667140.jpg\",\"contentUrl\":\"https:\/\/www.praxium.fr\/WordPress3\/wp-content\/uploads\/2015\/03\/7560262-11667140.jpg\",\"width\":130,\"height\":195},{\"@type\":\"BreadcrumbList\",\"@id\":\"https:\/\/www.praxium.fr\/WordPress3\/la-generation-y-le-manager-et-lentreprise\/#breadcrumb\",\"itemListElement\":[{\"@type\":\"ListItem\",\"position\":1,\"name\":\"Accueil\",\"item\":\"https:\/\/www.praxium.fr\/WordPress3\/\"},{\"@type\":\"ListItem\",\"position\":2,\"name\":\"Actualit\u00e9s\",\"item\":\"https:\/\/www.praxium.fr\/WordPress3\/categorie\/actualites\/\"},{\"@type\":\"ListItem\",\"position\":3,\"name\":\"La g\u00e9n\u00e9ration Y, le manager et l&#8217;entreprise\"}]},{\"@type\":\"WebSite\",\"@id\":\"https:\/\/www.praxium.fr\/WordPress3\/#website\",\"url\":\"https:\/\/www.praxium.fr\/WordPress3\/\",\"name\":\"Praxium\",\"description\":\"am\u00e9liore votre comp\u00e9titivit\u00e9...\",\"potentialAction\":[{\"@type\":\"SearchAction\",\"target\":{\"@type\":\"EntryPoint\",\"urlTemplate\":\"https:\/\/www.praxium.fr\/WordPress3\/?s={search_term_string}\"},\"query-input\":{\"@type\":\"PropertyValueSpecification\",\"valueRequired\":true,\"valueName\":\"search_term_string\"}}],\"inLanguage\":\"fr-FR\"},{\"@type\":\"Person\",\"@id\":\"https:\/\/www.praxium.fr\/WordPress3\/#\/schema\/person\/a03694b6047cf58a5c3dcd970d992691\",\"name\":\"M\u00e9nard\",\"image\":{\"@type\":\"ImageObject\",\"inLanguage\":\"fr-FR\",\"@id\":\"https:\/\/www.praxium.fr\/WordPress3\/#\/schema\/person\/image\/\",\"url\":\"https:\/\/secure.gravatar.com\/avatar\/dd0aa0144fd26be766846ff71f551a13?s=96&d=mm&r=g\",\"contentUrl\":\"https:\/\/secure.gravatar.com\/avatar\/dd0aa0144fd26be766846ff71f551a13?s=96&d=mm&r=g\",\"caption\":\"M\u00e9nard\"},\"sameAs\":[\"https:\/\/praxium.fr\/\"]}]}<\/script>\n<!-- \/ Yoast SEO plugin. -->","yoast_head_json":{"title":"La g\u00e9n\u00e9ration Y, le manager et l'entreprise - Praxium","description":"\u00e0 lire... g\u00e9n\u00e9ration Y et l'entreprise La \u00ab g\u00e9n\u00e9ration Y \u00bb occupe les d\u00e9bats depuis plus d\u2019une d\u00e9cennie. Comment la d\u00e9finir ? Comment travailler avec ces","robots":{"index":"index","follow":"follow","max-snippet":"max-snippet:-1","max-image-preview":"max-image-preview:large","max-video-preview":"max-video-preview:-1"},"canonical":"https:\/\/www.praxium.fr\/WordPress3\/la-generation-y-le-manager-et-lentreprise\/","og_locale":"fr_FR","og_type":"article","og_title":"La g\u00e9n\u00e9ration Y, le manager et l'entreprise - Praxium","og_description":"\u00e0 lire... g\u00e9n\u00e9ration Y et l'entreprise La \u00ab g\u00e9n\u00e9ration Y \u00bb occupe les d\u00e9bats depuis plus d\u2019une d\u00e9cennie. Comment la d\u00e9finir ? Comment travailler avec ces","og_url":"https:\/\/www.praxium.fr\/WordPress3\/la-generation-y-le-manager-et-lentreprise\/","og_site_name":"Praxium","article_publisher":"https:\/\/www.facebook.com\/praxium\/","article_published_time":"2015-03-18T10:40:04+00:00","article_modified_time":"2018-02-20T15:21:44+00:00","og_image":[{"url":"https:\/\/www.praxium.fr\/WordPress3\/wp-content\/uploads\/2015\/03\/7560262-11667140.jpg"}],"author":"M\u00e9nard","twitter_card":"summary_large_image","twitter_creator":"@Praxium_fr","twitter_site":"@Praxium_fr","twitter_misc":{"\u00c9crit par":"M\u00e9nard","Dur\u00e9e de lecture estim\u00e9e":"1 minute"},"schema":{"@context":"https:\/\/schema.org","@graph":[{"@type":"WebPage","@id":"https:\/\/www.praxium.fr\/WordPress3\/la-generation-y-le-manager-et-lentreprise\/","url":"https:\/\/www.praxium.fr\/WordPress3\/la-generation-y-le-manager-et-lentreprise\/","name":"La g\u00e9n\u00e9ration Y, le manager et l'entreprise - Praxium","isPartOf":{"@id":"https:\/\/www.praxium.fr\/WordPress3\/#website"},"primaryImageOfPage":{"@id":"https:\/\/www.praxium.fr\/WordPress3\/la-generation-y-le-manager-et-lentreprise\/#primaryimage"},"image":{"@id":"https:\/\/www.praxium.fr\/WordPress3\/la-generation-y-le-manager-et-lentreprise\/#primaryimage"},"thumbnailUrl":"https:\/\/www.praxium.fr\/WordPress3\/wp-content\/uploads\/2015\/03\/7560262-11667140.jpg","datePublished":"2015-03-18T10:40:04+00:00","dateModified":"2018-02-20T15:21:44+00:00","author":{"@id":"https:\/\/www.praxium.fr\/WordPress3\/#\/schema\/person\/a03694b6047cf58a5c3dcd970d992691"},"description":"\u00e0 lire... g\u00e9n\u00e9ration Y et l'entreprise La \u00ab g\u00e9n\u00e9ration Y \u00bb occupe les d\u00e9bats depuis plus d\u2019une d\u00e9cennie. Comment la d\u00e9finir ? Comment travailler avec ces","breadcrumb":{"@id":"https:\/\/www.praxium.fr\/WordPress3\/la-generation-y-le-manager-et-lentreprise\/#breadcrumb"},"inLanguage":"fr-FR","potentialAction":[{"@type":"ReadAction","target":["https:\/\/www.praxium.fr\/WordPress3\/la-generation-y-le-manager-et-lentreprise\/"]}]},{"@type":"ImageObject","inLanguage":"fr-FR","@id":"https:\/\/www.praxium.fr\/WordPress3\/la-generation-y-le-manager-et-lentreprise\/#primaryimage","url":"https:\/\/www.praxium.fr\/WordPress3\/wp-content\/uploads\/2015\/03\/7560262-11667140.jpg","contentUrl":"https:\/\/www.praxium.fr\/WordPress3\/wp-content\/uploads\/2015\/03\/7560262-11667140.jpg","width":130,"height":195},{"@type":"BreadcrumbList","@id":"https:\/\/www.praxium.fr\/WordPress3\/la-generation-y-le-manager-et-lentreprise\/#breadcrumb","itemListElement":[{"@type":"ListItem","position":1,"name":"Accueil","item":"https:\/\/www.praxium.fr\/WordPress3\/"},{"@type":"ListItem","position":2,"name":"Actualit\u00e9s","item":"https:\/\/www.praxium.fr\/WordPress3\/categorie\/actualites\/"},{"@type":"ListItem","position":3,"name":"La g\u00e9n\u00e9ration Y, le manager et l&#8217;entreprise"}]},{"@type":"WebSite","@id":"https:\/\/www.praxium.fr\/WordPress3\/#website","url":"https:\/\/www.praxium.fr\/WordPress3\/","name":"Praxium","description":"am\u00e9liore votre comp\u00e9titivit\u00e9...","potentialAction":[{"@type":"SearchAction","target":{"@type":"EntryPoint","urlTemplate":"https:\/\/www.praxium.fr\/WordPress3\/?s={search_term_string}"},"query-input":{"@type":"PropertyValueSpecification","valueRequired":true,"valueName":"search_term_string"}}],"inLanguage":"fr-FR"},{"@type":"Person","@id":"https:\/\/www.praxium.fr\/WordPress3\/#\/schema\/person\/a03694b6047cf58a5c3dcd970d992691","name":"M\u00e9nard","image":{"@type":"ImageObject","inLanguage":"fr-FR","@id":"https:\/\/www.praxium.fr\/WordPress3\/#\/schema\/person\/image\/","url":"https:\/\/secure.gravatar.com\/avatar\/dd0aa0144fd26be766846ff71f551a13?s=96&d=mm&r=g","contentUrl":"https:\/\/secure.gravatar.com\/avatar\/dd0aa0144fd26be766846ff71f551a13?s=96&d=mm&r=g","caption":"M\u00e9nard"},"sameAs":["https:\/\/praxium.fr\/"]}]}},"jetpack_featured_media_url":"","nominators":[],"jetpack_shortlink":"https:\/\/wp.me\/p5QOhk-4D","jetpack_sharing_enabled":true,"_links":{"self":[{"href":"https:\/\/www.praxium.fr\/WordPress3\/wp-json\/wp\/v2\/posts\/287"}],"collection":[{"href":"https:\/\/www.praxium.fr\/WordPress3\/wp-json\/wp\/v2\/posts"}],"about":[{"href":"https:\/\/www.praxium.fr\/WordPress3\/wp-json\/wp\/v2\/types\/post"}],"author":[{"embeddable":true,"href":"https:\/\/www.praxium.fr\/WordPress3\/wp-json\/wp\/v2\/users\/2"}],"replies":[{"embeddable":true,"href":"https:\/\/www.praxium.fr\/WordPress3\/wp-json\/wp\/v2\/comments?post=287"}],"version-history":[{"count":6,"href":"https:\/\/www.praxium.fr\/WordPress3\/wp-json\/wp\/v2\/posts\/287\/revisions"}],"predecessor-version":[{"id":1490,"href":"https:\/\/www.praxium.fr\/WordPress3\/wp-json\/wp\/v2\/posts\/287\/revisions\/1490"}],"wp:attachment":[{"href":"https:\/\/www.praxium.fr\/WordPress3\/wp-json\/wp\/v2\/media?parent=287"}],"wp:term":[{"attributes":{"taxonomy":"category","embeddable":true},"href":"https:\/\/www.praxium.fr\/WordPress3\/wp-json\/wp\/v2\/categories?post=287"},{"attributes":{"taxonomy":"post_tag","embeddable":true},"href":"https:\/\/www.praxium.fr\/WordPress3\/wp-json\/wp\/v2\/tags?post=287"}],"curies":[{"name":"wp","href":"https:\/\/api.w.org\/{rel}","templated":true}]}}