{"id":309,"date":"2015-03-18T11:57:24","date_gmt":"2015-03-18T10:57:24","guid":{"rendered":"http:\/\/praxium.fr\/WordPress3\/?p=309"},"modified":"2016-03-23T08:04:51","modified_gmt":"2016-03-23T07:04:51","slug":"la-focalisation-sur-la-reduction-des-couts-a-court-terme-conduit-a-lechec-des-ameliorations-de-processus-2","status":"publish","type":"post","link":"https:\/\/www.praxium.fr\/WordPress3\/la-focalisation-sur-la-reduction-des-couts-a-court-terme-conduit-a-lechec-des-ameliorations-de-processus-2\/","title":{"rendered":"Focalisation sur la r\u00e9duction des co\u00fbts \u00e0 court terme&#8230;"},"content":{"rendered":"<h2>Les programmes d&#8217;am\u00e9lioration des processus sont tr\u00e8s susceptibles d&#8217;\u00e9chouer s&#8217;ils se concentrent sur la r\u00e9duction des co\u00fbts, selon une \u00e9tude mondiale d&#8217;\u00e9talonnage de PEX Network.<\/h2>\n<p>Cette \u00e9tude r\u00e9alis\u00e9e par PEX Network en octobre 2011, \u00e0 laquelle plus de 650 praticiens de l&#8217;am\u00e9lioration des processus ont particip\u00e9, a r\u00e9v\u00e9l\u00e9 qu&#8217;une approche centr\u00e9e sur la client\u00e8le de l&#8217;identification et de l&#8217;am\u00e9lioration des processus op\u00e9rationnels \u00e9tait le meilleur moyen pour une soci\u00e9t\u00e9 de r\u00e9ussir sur le long terme.<\/p>\n<p>Plus de 40 % des programmes d&#8217;am\u00e9lioration des processus que les praticiens consid\u00e9raient comme &#8220;infructueux&#8221; ou &#8220;tr\u00e8s infructueux&#8221; \u00e9taient centr\u00e9s sur la r\u00e9duction des co\u00fbts ; seulement 20 % des programmes &#8220;tr\u00e8s infructueux&#8221; se focalisaient sur cette m\u00e9thode. Dans le m\u00eame temps, 32,5 % des soci\u00e9t\u00e9s &#8220;tr\u00e8s infructueuses&#8221; se sont concentr\u00e9es sur leur client\u00e8le avec seulement un peu plus de 10 % des programmes infructueux \u00e9tant consid\u00e9r\u00e9s comme centr\u00e9s sur la client\u00e8le.<!--more--><\/p>\n<p>&#8220;Une focalisation sur la r\u00e9duction des co\u00fbts, bien que clairement importante pour les entreprises en p\u00e9riode d&#8217;incertitude \u00e9conomique, peut se traduire en une baisse du moral du personnel et finir par conduire \u00e0 ce qui est per\u00e7u comme l&#8217;\u00e9chec d&#8217;une initiative d&#8217;excellence op\u00e9rationnelle&#8221;, a d\u00e9clar\u00e9 Diana Davis, r\u00e9dactrice de PEXNetwork.com et auteure du rapport.<\/p>\n<blockquote><p>Le probl\u00e8me, c&#8217;est que ces initiatives sont parfois associ\u00e9es \u00e0 des pertes d&#8217;emplois, des coupes budg\u00e9taires, et des charges de travail accrues &#8211; et comment pouvez-vous favoriser une adoption \u00e0 l&#8217;\u00e9chelle de l&#8217;entreprise si c&#8217;est la fa\u00e7on dont est per\u00e7ue l&#8217;am\u00e9lioration des processus au sein de votre soci\u00e9t\u00e9 ?&#8221;<\/p><\/blockquote>\n<p>&#8220;Le rapport souligne le fait que l&#8217;am\u00e9lioration des processus centr\u00e9s sur la client\u00e8le &#8211; que PEX Network et bon nombre de nos partenaires mondiaux soutiennent depuis maintenant plusieurs ann\u00e9es &#8211; est essentielle pour garantir que les activit\u00e9s d&#8217;am\u00e9lioration des processus offrent autant de valeur \u00e0 l&#8217;entreprise qu&#8217;\u00e0 ses clients&#8221;, a ajout\u00e9 Vanessa Lovatt, Directrice de PEX Network.<\/p>\n<h3>Les autres points saillants du rapport incluent :<\/h3>\n<ul>\n<li>Les soci\u00e9t\u00e9s esp\u00e8rent obtenir des cycles plus courts pour leurs projets d&#8217;am\u00e9lioration des processus, avec une hausse consid\u00e9rable depuis 2005 des personnes interrog\u00e9es rapportant une longueur de projet moyenne de 90 jours ou moins<\/li>\n<li>Les m\u00e9thodologies Lean et Six Sigma restent pr\u00e9dominantes, bien que pr\u00e8s de 50 % de personnes interrog\u00e9es en moins affirment utiliser la m\u00e9thodologie Six Sigma par rapport \u00e0 une \u00e9tude similaire de PEX Network datant de 2005<\/li>\n<li>La p\u00e9riode la plus risqu\u00e9e pour les programmes op\u00e9rationnels des soci\u00e9t\u00e9s se situe apr\u00e8s 2 \u00e0 3 ans d&#8217;activit\u00e9 d&#8217;am\u00e9lioration des processus, lorsque les personnes interrog\u00e9es \u00e9taient le plus susceptibles de classer leurs programmes comme infructueux.<\/li>\n<\/ul>\n<p><a href=\"http:\/\/www.finyear.com\/La-focalisation-sur-la-reduction-des-couts-a-court-terme-conduit-a-l-echec-des-ameliorations-de-processus_a20507.html\" class=\"broken_link\">Lien source<\/a><\/p>\n","protected":false},"excerpt":{"rendered":"<h3>La focalisation sur la r\u00e9duction des co\u00fbts \u00e0 court terme conduit \u00e0 l&#8217;\u00e9chec des am\u00e9liorations de processus.<\/h3>\n","protected":false},"author":2,"featured_media":0,"comment_status":"closed","ping_status":"open","sticky":false,"template":"","format":"standard","meta":{"_exactmetrics_skip_tracking":false,"_exactmetrics_sitenote_active":false,"_exactmetrics_sitenote_note":"","_exactmetrics_sitenote_category":0,"_jetpack_memberships_contains_paid_content":false,"item_id":"","pf_source_link":"","item_date":"","item_author":"","item_link":"","item_feat_img":"","item_wp_date":"","item_tags":"","source_publication_name":"","source_publication_url":"","nomination_count":"","sortable_item_date":"","pf_word_count":"","pf_forward_to_origin":"no-forward","footnotes":""},"categories":[37],"tags":[33,35],"class_list":["post-309","post","type-post","status-publish","format-standard","hentry","category-excellence-operationnelle","tag-couts","tag-echec"],"yoast_head":"<!-- This site is optimized with the Yoast SEO plugin v23.7 - https:\/\/yoast.com\/wordpress\/plugins\/seo\/ -->\n<title>Focalisation sur la r\u00e9duction des co\u00fbts \u00e0 court terme... - Praxium<\/title>\n<meta name=\"description\" content=\"La focalisation sur la r\u00e9duction des co\u00fbts \u00e0 court terme conduit \u00e0 l&#039;\u00e9chec des am\u00e9liorations de processus.\" \/>\n<meta name=\"robots\" content=\"index, follow, max-snippet:-1, max-image-preview:large, max-video-preview:-1\" \/>\n<link rel=\"canonical\" href=\"https:\/\/www.praxium.fr\/WordPress3\/la-focalisation-sur-la-reduction-des-couts-a-court-terme-conduit-a-lechec-des-ameliorations-de-processus-2\/\" \/>\n<meta property=\"og:locale\" content=\"fr_FR\" \/>\n<meta property=\"og:type\" content=\"article\" \/>\n<meta property=\"og:title\" content=\"Focalisation sur la r\u00e9duction des co\u00fbts \u00e0 court terme... - Praxium\" \/>\n<meta property=\"og:description\" content=\"La focalisation sur la r\u00e9duction des co\u00fbts \u00e0 court terme conduit \u00e0 l&#039;\u00e9chec des am\u00e9liorations de processus.\" \/>\n<meta property=\"og:url\" content=\"https:\/\/www.praxium.fr\/WordPress3\/la-focalisation-sur-la-reduction-des-couts-a-court-terme-conduit-a-lechec-des-ameliorations-de-processus-2\/\" \/>\n<meta property=\"og:site_name\" content=\"Praxium\" \/>\n<meta property=\"article:publisher\" content=\"https:\/\/www.facebook.com\/praxium\/\" \/>\n<meta property=\"article:published_time\" content=\"2015-03-18T10:57:24+00:00\" \/>\n<meta property=\"article:modified_time\" content=\"2016-03-23T07:04:51+00:00\" \/>\n<meta name=\"author\" content=\"M\u00e9nard\" \/>\n<meta name=\"twitter:card\" content=\"summary_large_image\" \/>\n<meta name=\"twitter:creator\" content=\"@Praxium_fr\" \/>\n<meta name=\"twitter:site\" content=\"@Praxium_fr\" \/>\n<meta name=\"twitter:label1\" content=\"\u00c9crit par\" \/>\n\t<meta name=\"twitter:data1\" content=\"M\u00e9nard\" \/>\n\t<meta name=\"twitter:label2\" content=\"Dur\u00e9e de lecture estim\u00e9e\" \/>\n\t<meta name=\"twitter:data2\" content=\"2 minutes\" \/>\n<script type=\"application\/ld+json\" class=\"yoast-schema-graph\">{\"@context\":\"https:\/\/schema.org\",\"@graph\":[{\"@type\":\"WebPage\",\"@id\":\"https:\/\/www.praxium.fr\/WordPress3\/la-focalisation-sur-la-reduction-des-couts-a-court-terme-conduit-a-lechec-des-ameliorations-de-processus-2\/\",\"url\":\"https:\/\/www.praxium.fr\/WordPress3\/la-focalisation-sur-la-reduction-des-couts-a-court-terme-conduit-a-lechec-des-ameliorations-de-processus-2\/\",\"name\":\"Focalisation sur la r\u00e9duction des co\u00fbts \u00e0 court terme... - Praxium\",\"isPartOf\":{\"@id\":\"https:\/\/www.praxium.fr\/WordPress3\/#website\"},\"datePublished\":\"2015-03-18T10:57:24+00:00\",\"dateModified\":\"2016-03-23T07:04:51+00:00\",\"author\":{\"@id\":\"https:\/\/www.praxium.fr\/WordPress3\/#\/schema\/person\/a03694b6047cf58a5c3dcd970d992691\"},\"description\":\"La focalisation sur la r\u00e9duction des co\u00fbts \u00e0 court terme conduit \u00e0 l'\u00e9chec des am\u00e9liorations de processus.\",\"breadcrumb\":{\"@id\":\"https:\/\/www.praxium.fr\/WordPress3\/la-focalisation-sur-la-reduction-des-couts-a-court-terme-conduit-a-lechec-des-ameliorations-de-processus-2\/#breadcrumb\"},\"inLanguage\":\"fr-FR\",\"potentialAction\":[{\"@type\":\"ReadAction\",\"target\":[\"https:\/\/www.praxium.fr\/WordPress3\/la-focalisation-sur-la-reduction-des-couts-a-court-terme-conduit-a-lechec-des-ameliorations-de-processus-2\/\"]}]},{\"@type\":\"BreadcrumbList\",\"@id\":\"https:\/\/www.praxium.fr\/WordPress3\/la-focalisation-sur-la-reduction-des-couts-a-court-terme-conduit-a-lechec-des-ameliorations-de-processus-2\/#breadcrumb\",\"itemListElement\":[{\"@type\":\"ListItem\",\"position\":1,\"name\":\"Accueil\",\"item\":\"https:\/\/www.praxium.fr\/WordPress3\/\"},{\"@type\":\"ListItem\",\"position\":2,\"name\":\"R\u00e9f\u00e9rentiel\",\"item\":\"https:\/\/www.praxium.fr\/WordPress3\/categorie\/referentiel\/\"},{\"@type\":\"ListItem\",\"position\":3,\"name\":\"Excellence Op\u00e9rationnelle\",\"item\":\"https:\/\/www.praxium.fr\/WordPress3\/categorie\/referentiel\/excellence-operationnelle\/\"},{\"@type\":\"ListItem\",\"position\":4,\"name\":\"Focalisation sur la r\u00e9duction des co\u00fbts \u00e0 court terme&#8230;\"}]},{\"@type\":\"WebSite\",\"@id\":\"https:\/\/www.praxium.fr\/WordPress3\/#website\",\"url\":\"https:\/\/www.praxium.fr\/WordPress3\/\",\"name\":\"Praxium\",\"description\":\"am\u00e9liore votre comp\u00e9titivit\u00e9...\",\"potentialAction\":[{\"@type\":\"SearchAction\",\"target\":{\"@type\":\"EntryPoint\",\"urlTemplate\":\"https:\/\/www.praxium.fr\/WordPress3\/?s={search_term_string}\"},\"query-input\":{\"@type\":\"PropertyValueSpecification\",\"valueRequired\":true,\"valueName\":\"search_term_string\"}}],\"inLanguage\":\"fr-FR\"},{\"@type\":\"Person\",\"@id\":\"https:\/\/www.praxium.fr\/WordPress3\/#\/schema\/person\/a03694b6047cf58a5c3dcd970d992691\",\"name\":\"M\u00e9nard\",\"image\":{\"@type\":\"ImageObject\",\"inLanguage\":\"fr-FR\",\"@id\":\"https:\/\/www.praxium.fr\/WordPress3\/#\/schema\/person\/image\/\",\"url\":\"https:\/\/secure.gravatar.com\/avatar\/dd0aa0144fd26be766846ff71f551a13?s=96&d=mm&r=g\",\"contentUrl\":\"https:\/\/secure.gravatar.com\/avatar\/dd0aa0144fd26be766846ff71f551a13?s=96&d=mm&r=g\",\"caption\":\"M\u00e9nard\"},\"sameAs\":[\"https:\/\/praxium.fr\/\"]}]}<\/script>\n<!-- \/ Yoast SEO plugin. -->","yoast_head_json":{"title":"Focalisation sur la r\u00e9duction des co\u00fbts \u00e0 court terme... - Praxium","description":"La focalisation sur la r\u00e9duction des co\u00fbts \u00e0 court terme conduit \u00e0 l'\u00e9chec des am\u00e9liorations de processus.","robots":{"index":"index","follow":"follow","max-snippet":"max-snippet:-1","max-image-preview":"max-image-preview:large","max-video-preview":"max-video-preview:-1"},"canonical":"https:\/\/www.praxium.fr\/WordPress3\/la-focalisation-sur-la-reduction-des-couts-a-court-terme-conduit-a-lechec-des-ameliorations-de-processus-2\/","og_locale":"fr_FR","og_type":"article","og_title":"Focalisation sur la r\u00e9duction des co\u00fbts \u00e0 court terme... - Praxium","og_description":"La focalisation sur la r\u00e9duction des co\u00fbts \u00e0 court terme conduit \u00e0 l'\u00e9chec des am\u00e9liorations de processus.","og_url":"https:\/\/www.praxium.fr\/WordPress3\/la-focalisation-sur-la-reduction-des-couts-a-court-terme-conduit-a-lechec-des-ameliorations-de-processus-2\/","og_site_name":"Praxium","article_publisher":"https:\/\/www.facebook.com\/praxium\/","article_published_time":"2015-03-18T10:57:24+00:00","article_modified_time":"2016-03-23T07:04:51+00:00","author":"M\u00e9nard","twitter_card":"summary_large_image","twitter_creator":"@Praxium_fr","twitter_site":"@Praxium_fr","twitter_misc":{"\u00c9crit par":"M\u00e9nard","Dur\u00e9e de lecture estim\u00e9e":"2 minutes"},"schema":{"@context":"https:\/\/schema.org","@graph":[{"@type":"WebPage","@id":"https:\/\/www.praxium.fr\/WordPress3\/la-focalisation-sur-la-reduction-des-couts-a-court-terme-conduit-a-lechec-des-ameliorations-de-processus-2\/","url":"https:\/\/www.praxium.fr\/WordPress3\/la-focalisation-sur-la-reduction-des-couts-a-court-terme-conduit-a-lechec-des-ameliorations-de-processus-2\/","name":"Focalisation sur la r\u00e9duction des co\u00fbts \u00e0 court terme... - Praxium","isPartOf":{"@id":"https:\/\/www.praxium.fr\/WordPress3\/#website"},"datePublished":"2015-03-18T10:57:24+00:00","dateModified":"2016-03-23T07:04:51+00:00","author":{"@id":"https:\/\/www.praxium.fr\/WordPress3\/#\/schema\/person\/a03694b6047cf58a5c3dcd970d992691"},"description":"La focalisation sur la r\u00e9duction des co\u00fbts \u00e0 court terme conduit \u00e0 l'\u00e9chec des am\u00e9liorations de processus.","breadcrumb":{"@id":"https:\/\/www.praxium.fr\/WordPress3\/la-focalisation-sur-la-reduction-des-couts-a-court-terme-conduit-a-lechec-des-ameliorations-de-processus-2\/#breadcrumb"},"inLanguage":"fr-FR","potentialAction":[{"@type":"ReadAction","target":["https:\/\/www.praxium.fr\/WordPress3\/la-focalisation-sur-la-reduction-des-couts-a-court-terme-conduit-a-lechec-des-ameliorations-de-processus-2\/"]}]},{"@type":"BreadcrumbList","@id":"https:\/\/www.praxium.fr\/WordPress3\/la-focalisation-sur-la-reduction-des-couts-a-court-terme-conduit-a-lechec-des-ameliorations-de-processus-2\/#breadcrumb","itemListElement":[{"@type":"ListItem","position":1,"name":"Accueil","item":"https:\/\/www.praxium.fr\/WordPress3\/"},{"@type":"ListItem","position":2,"name":"R\u00e9f\u00e9rentiel","item":"https:\/\/www.praxium.fr\/WordPress3\/categorie\/referentiel\/"},{"@type":"ListItem","position":3,"name":"Excellence Op\u00e9rationnelle","item":"https:\/\/www.praxium.fr\/WordPress3\/categorie\/referentiel\/excellence-operationnelle\/"},{"@type":"ListItem","position":4,"name":"Focalisation sur la r\u00e9duction des co\u00fbts \u00e0 court terme&#8230;"}]},{"@type":"WebSite","@id":"https:\/\/www.praxium.fr\/WordPress3\/#website","url":"https:\/\/www.praxium.fr\/WordPress3\/","name":"Praxium","description":"am\u00e9liore votre comp\u00e9titivit\u00e9...","potentialAction":[{"@type":"SearchAction","target":{"@type":"EntryPoint","urlTemplate":"https:\/\/www.praxium.fr\/WordPress3\/?s={search_term_string}"},"query-input":{"@type":"PropertyValueSpecification","valueRequired":true,"valueName":"search_term_string"}}],"inLanguage":"fr-FR"},{"@type":"Person","@id":"https:\/\/www.praxium.fr\/WordPress3\/#\/schema\/person\/a03694b6047cf58a5c3dcd970d992691","name":"M\u00e9nard","image":{"@type":"ImageObject","inLanguage":"fr-FR","@id":"https:\/\/www.praxium.fr\/WordPress3\/#\/schema\/person\/image\/","url":"https:\/\/secure.gravatar.com\/avatar\/dd0aa0144fd26be766846ff71f551a13?s=96&d=mm&r=g","contentUrl":"https:\/\/secure.gravatar.com\/avatar\/dd0aa0144fd26be766846ff71f551a13?s=96&d=mm&r=g","caption":"M\u00e9nard"},"sameAs":["https:\/\/praxium.fr\/"]}]}},"jetpack_featured_media_url":"","nominators":[],"jetpack_shortlink":"https:\/\/wp.me\/p5QOhk-4Z","jetpack_sharing_enabled":true,"_links":{"self":[{"href":"https:\/\/www.praxium.fr\/WordPress3\/wp-json\/wp\/v2\/posts\/309"}],"collection":[{"href":"https:\/\/www.praxium.fr\/WordPress3\/wp-json\/wp\/v2\/posts"}],"about":[{"href":"https:\/\/www.praxium.fr\/WordPress3\/wp-json\/wp\/v2\/types\/post"}],"author":[{"embeddable":true,"href":"https:\/\/www.praxium.fr\/WordPress3\/wp-json\/wp\/v2\/users\/2"}],"replies":[{"embeddable":true,"href":"https:\/\/www.praxium.fr\/WordPress3\/wp-json\/wp\/v2\/comments?post=309"}],"version-history":[{"count":6,"href":"https:\/\/www.praxium.fr\/WordPress3\/wp-json\/wp\/v2\/posts\/309\/revisions"}],"predecessor-version":[{"id":439,"href":"https:\/\/www.praxium.fr\/WordPress3\/wp-json\/wp\/v2\/posts\/309\/revisions\/439"}],"wp:attachment":[{"href":"https:\/\/www.praxium.fr\/WordPress3\/wp-json\/wp\/v2\/media?parent=309"}],"wp:term":[{"attributes":{"taxonomy":"category","embeddable":true},"href":"https:\/\/www.praxium.fr\/WordPress3\/wp-json\/wp\/v2\/categories?post=309"},{"attributes":{"taxonomy":"post_tag","embeddable":true},"href":"https:\/\/www.praxium.fr\/WordPress3\/wp-json\/wp\/v2\/tags?post=309"}],"curies":[{"name":"wp","href":"https:\/\/api.w.org\/{rel}","templated":true}]}}