{"id":325,"date":"2015-04-24T10:36:32","date_gmt":"2015-04-24T08:36:32","guid":{"rendered":"http:\/\/praxium.fr\/WordPress3\/?p=325"},"modified":"2018-04-27T08:43:22","modified_gmt":"2018-04-27T06:43:22","slug":"cinq-raisons-de-preferer-lindustrie-du-futur-a-lusine-du-futur","status":"publish","type":"post","link":"https:\/\/www.praxium.fr\/WordPress3\/cinq-raisons-de-preferer-lindustrie-du-futur-a-lusine-du-futur\/","title":{"rendered":"Cinq raisons de pr\u00e9f\u00e9rer l\u2019 Industrie du futur \u00e0 l\u2019Usine du futur"},"content":{"rendered":"<p><a href=\"https:\/\/www.usinenouvelle.com\/editorial\/cinq-raisons-de-preferer-l-industrie-du-futur-a-l-usine-du-futur.N326183\">Cinq raisons de pr\u00e9f\u00e9rer l\u2019Industrie du futur \u00e0 l\u2019Usine du futur<\/a>.<\/p>\n<h1>L&#8217;industrie du Futur<\/h1>\n<p class=\"ArticleChapeau\">Le plan &#8220;Usine du futur&#8221; devient &#8220;Industrie du futur&#8221;. Au-del\u00e0 du changement de nom, c\u2019est toute sa gouvernance qui \u00e9volue, avec la cr\u00e9ation d\u2019une association regroupant plusieurs f\u00e9d\u00e9rations pour assurer la mise en \u0153uvre de ce plan Industrie du futur. Une premi\u00e8re dans le programme de la Nouvelle France Industrielle. Le dispositif voit en outre son p\u00e9rim\u00e8tre s\u2019\u00e9largir avec deux nouvelles missions.<\/p>\n<p>Fran\u00e7ois Hollande l\u2019a annonc\u00e9\u00a0<a href=\"http:\/\/www.usinenouvelle.com\/editorial\/chez-figeac-aero-francois-hollande-lance-le-plan-industrie-du-futur.N324851\" target=\"_blank\" rel=\"noopener\" class=\"broken_link\">le 14 avril dernier lors d\u2019une visite chez Figeac A\u00e9ro<\/a>\u00a0: le plan &#8220;Usine du futur&#8221;, c&#8217;est fini. Il faut d\u00e9sormais l\u2019appeler &#8220;Industrie du futur&#8221;. Concr\u00e8tement, cela changera-t-il quelque chose pour les PME fran\u00e7aises\u00a0? D\u2019apr\u00e8s les repr\u00e9sentants du Gim\u00e9lec (Groupement des industries de l\u2019\u00e9quipement \u00e9lectrique, du contr\u00f4le-commande et des services associ\u00e9s), d\u00e9sormais impliqu\u00e9s dans le plan, c\u2019est justement \u00e0 partir de maintenant que les choses vont commencer \u00e0 bouger. En cause : cinq changements majeurs.<!--more--><\/p>\n<h2><span class=\"interTitre\">1\/ UNE GOUVERNANCE PLUS P\u00c9RENNE<\/span><\/h2>\n<p>Arnaud Montebourg avait souhait\u00e9 que les 34 plans de la Nouvelle France Industrielle soient pilot\u00e9s directement par des industriels. Une initiative appr\u00e9ci\u00e9e \u00e0 l\u2019\u00e9poque mais qui n\u2019a pas emp\u00each\u00e9 certains des plans de rester au point mort.\u00a0<em>&#8220;On ne peut en vouloir aux industriels qui \u0153uvraient dans les 34 plans \u00e0 titre de b\u00e9n\u00e9voles,<\/em>\u00a0note Laurent Siegfried, le d\u00e9l\u00e9gu\u00e9\u00a0industrie du Gim\u00e9lec.\u00a0<em>En ce qui concerne le plan Usine du futur, le volet consacr\u00e9 \u00e0 l\u2019accompagnement des PME tardait \u00e0 d\u00e9coller, et l\u2019objectif initial de 2000 PME aid\u00e9es \u00e9tait loin d\u2019\u00eatre atteint.&#8221;<\/em><\/p>\n<p>Pour assurer la p\u00e9rennit\u00e9 du nouveau plan Industrie du futur, une association loi de 1901 va \u00eatre cr\u00e9\u00e9e d\u2019ici juin. Appel\u00e9e pour l\u2019instant \u201calliance de l\u2019industrie du futur\u201d (le nom d\u00e9finitif sera connu dans une quinzaine de jours), elle sera charg\u00e9e de la mise en \u0153uvre op\u00e9rationnelle du plan.\u00a0<em>&#8220;Il y aura d\u2019un c\u00f4t\u00e9 le plan Industrie du futur, qui fixera la feuille de route, et de l\u2019autre, l\u2019association qui assurera l\u2019application de cette feuille de route&#8221;<\/em>, r\u00e9sume Laurent Siegfried.<\/p>\n<p>M\u00eame si les statuts de l\u2019association ne sont pas encore d\u00e9pos\u00e9s, les dirigeants en sont identifi\u00e9s\u00a0: Tahar Melliti, l\u2019ancien directeur de cabinet d\u2019Arnaud Montebourg, devrait occuper le poste de directeur g\u00e9n\u00e9ral, quant \u00e0 Bernard Charl\u00e8s et Fr\u00e9d\u00e9ric Sanchez, les pilotes actuels du plan 34, ils devraient se partager les fonctions de pr\u00e9sident et de vice-pr\u00e9sident. Aucune soci\u00e9t\u00e9 priv\u00e9e ne pourra \u00eatre inscrite en son nom en tant que membre de l\u2019association.<\/p>\n<h2><span class=\"interTitre\">2\/ DES F\u00c9D\u00c9RATIONS PLUS IMPLIQU\u00c9ES<\/span><\/h2>\n<p>L\u2019autre changement notable par rapport au plan pr\u00e9c\u00e9dent demeure dans l\u2019implication des principales f\u00e9d\u00e9rations et institutions industrielles fran\u00e7aises. Seront repr\u00e9sent\u00e9es \u00e0 part \u00e9gales dans l\u2019association\u00a0: l\u2019Afdel (Association fran\u00e7aise des \u00e9diteurs de logiciels et solutions Internet), la Fim (F\u00e9d\u00e9ration des industries m\u00e9caniques), le Gim\u00e9lec, le Symop (Syndicat des machines et technologies de production), l\u2019UIMM (Union des industries et des m\u00e9tiers de la m\u00e9tallurgie), le\u00a0<a class=\"lien-contextuel broken_link\" title=\"Actus et news de l&#039;entreprise informatique Syntec Num\u00e9rique sur L&#039;Usine Digitale\" href=\"http:\/\/www.usine-digitale.fr\/syntec-numerique\/\" target=\"\" rel=\"\">Syntec Num\u00e9rique<\/a>, le CEA, le Cetim, l\u2019ENSAM et l\u2019Institut Mines-T\u00e9l\u00e9com.\u00a0<em>&#8220;C\u2019est une premi\u00e8re en France car jusqu\u2019\u00e0 pr\u00e9sent ces organismes \u00e9taient cloisonn\u00e9s. D\u00e9sormais ils disposeront d\u2019un cadre pour coordonner leurs actions&#8221;<\/em>, lance le d\u00e9l\u00e9gu\u00e9\u00a0industrie du Gim\u00e9lec.<\/p>\n<p>Confiants dans la force de frappe de cette nouvelle organisation, les diff\u00e9rentes f\u00e9d\u00e9rations ont pris des engagements forts aupr\u00e8s du gouvernement.\u00a0<em>&#8220;Nous nous sommes engag\u00e9s aupr\u00e8s d\u2019Emmanuel Macron \u00e0 r\u00e9aliser, d\u2019ici 2017, l\u2019accompagnement des 2000 PME, avec pour chacune d\u2019entre elles des projets de modernisation significatifs de plus de 500 000 euros,<\/em>\u00a0assure Laurent Siegfried.\u00a0<em>Une fois atteint notre rythme de croisi\u00e8re, nous devrions pouvoir accompagner 2000 entreprises par an&#8221;<\/em>.<\/p>\n<p>En d\u2019autres termes, si l\u2019on pouvait reprocher \u00e0 certains des 34 plans de ressembler \u00e0 des clubs d\u2019entreprises relativement ferm\u00e9s, le plan Industrie du futur aura \u00e0 l\u2019inverse la capacit\u00e9 \u00e0 toucher potentiellement toutes les entreprises, via leurs f\u00e9d\u00e9rations respectives.<\/p>\n<h2><span class=\"interTitre\">3\/ LE FINANCEMENT EST PR\u00caT<\/span><\/h2>\n<p>Alors que le plan Usine du futur avait \u00e9t\u00e9 lanc\u00e9 fin 2013,\u00a0<a href=\"http:\/\/www.usinenouvelle.com\/editorial\/le-financement-retarde-les-usines-du-futur.N316703\" target=\"_blank\" rel=\"noopener\" class=\"broken_link\">les programmes d\u2019aides \u00e0 l\u2019investissement avaient mis du temps \u00e0 voir le jour<\/a>. Mais les choses se sont d\u00e9bloqu\u00e9es ces derni\u00e8res semaines avec\u00a0<a href=\"http:\/\/www.usinenouvelle.com\/editorial\/le-suramortissement-une-meilleure-rentabilite-pour-les-investissements-productifs.N323879\" target=\"_blank\" rel=\"noopener\" class=\"broken_link\">l\u2019annonce par Emmanuel Macron d\u2019un suramortissement de 40%<\/a>\u00a0pour les investissements productifs r\u00e9alis\u00e9s entre le 15 avril 2015 et le 15 avril 2016.\u00a0<em>&#8220;A cela s\u2019ajoutent deux autres dispositifs d\u2019accompagnement\u00a0: celui cr\u00e9\u00e9 par les r\u00e9gions dans le cadre du plan Usine du futur, et les financements \u00e9tablis depuis peu par Bpifrance&#8221;<\/em>, compl\u00e8te Vincent Jauneau, Pr\u00e9sident du comit\u00e9 de march\u00e9 Industrie au Gim\u00e9lec.<\/p>\n<p>L\u2019association qui sera prochainement cr\u00e9\u00e9e aura pour r\u00f4le d\u2019orienter ces aides \u00e0 l\u2019investissements, en proposant d\u2019une part aux entreprises des aides dans le choix des technologies les plus adapt\u00e9es \u00e0 leur march\u00e9, et d\u2019autre part en aidant Bpifrance et les r\u00e9gions \u00e0 acc\u00e9l\u00e9rer le traitement des dossiers qui entreront dans le cadre du r\u00e9f\u00e9rentiel Industrie du futur.<\/p>\n<h2><span class=\"interTitre\">4\/ DEUX NOUVELLES MISSIONS<\/span><\/h2>\n<p>L\u2019ancien plan Usine du futur portait sur trois axes\u00a0: l\u2019accompagnement des PME et ETI, le renforcement de la recherche dans\u00a0<a href=\"http:\/\/www.usine-digitale.fr\/editorial\/robotique-composite-impression-3d-six-axes-de-recherche-prioritaires-pour-l-usine-du-futur.N320537\" target=\"_blank\" rel=\"noopener\" class=\"broken_link\">six domaines cl\u00e9s<\/a>, et la cr\u00e9ation d\u2019une\u00a0<a href=\"http:\/\/www.usine-digitale.fr\/article\/usine-du-futur-des-projets-pilotes-a-la-peine.N320486\" target=\"_blank\" rel=\"noopener\" class=\"broken_link\">quinzaine de vitrines technologiques<\/a>\u00a0(des projets embl\u00e9matiques r\u00e9alis\u00e9s dans les grands groupes et pouvant faire office de d\u00e9monstrateurs). Le plan Industrie du futur y ajoutera deux nouvelles missions. Un volet est consacr\u00e9 \u00e0 la formation. La nouvelle association aura pour r\u00f4le de promouvoir les m\u00e9tiers aupr\u00e8s des jeunes g\u00e9n\u00e9rations, mais aussi de s\u2019assurer que les cursus de formation initiale prennent bien en compte l\u2019\u00e9volution des technologies.<\/p>\n<p>Surtout, la France ne veut plus se laisser dominer sur le plan de la normalisation internationale. Un groupe de travail sera cr\u00e9\u00e9 au sein de l\u2019association afin de porter la voix des industriels fran\u00e7ais dans les plus hautes instances de normalisation. En filigrane, il s\u2019agit de ne plus subir les d\u00e9cisions d\u2019un syst\u00e8me dans lesquels les Allemands sont tr\u00e8s actifs (la normalisation \u00e9tait au c\u0153ur du\u00a0<a href=\"http:\/\/www.usine-digitale.fr\/article\/l-usine-du-futur-autour-du-monde.N320708\" target=\"_blank\" rel=\"noopener\" class=\"broken_link\">programme Industry 4.0<\/a>lanc\u00e9 Outre-Rhin en 2010).<em>\u00a0&#8220;C\u2019est un enjeu majeur pour les PME, car nous ne pouvons pas les inciter \u00e0 investir dans des machines si celles-ci ne communiquer pas toutes entre elles&#8221;<\/em>, indique Laurent Siegfried.<\/p>\n<h2><span class=\"interTitre\">5\/ DES R\u00d4LES MIEUX D\u00c9FINIS<\/span><\/h2>\n<p>Au final, qui fera quoi dans cette nouvelle association\u00a0? Dans les grandes lignes, le Cetim sera charg\u00e9 de faire remonter, par le biais de ses adh\u00e9rents, les noms des 2000 PME et ETI \u00e0 accompagner d\u2019ici 2017. La Fim sera charg\u00e9e de la cr\u00e9ation du r\u00e9f\u00e9rentiel d\u2019audit (un document de vulgarisation \u00e0 destination des patrons de PME est pr\u00e9vu pour \u00eatre publi\u00e9 courant juin). Les travaux de normalisation seront suivis principalement par la FIM et le Gim\u00e9lec, et les travaux sur la formation et la place de l\u2019homme par l\u2019UIMM (accompagn\u00e9 par les grandes \u00e9coles). Quant au CEA, ils auront en charge la partie recherche du plan.<\/p>\n<p><em><strong>Fr\u00e9d\u00e9ric Parisot<\/strong><\/em><\/p>\n","protected":false},"excerpt":{"rendered":"<p>Cinq raisons de pr\u00e9f\u00e9rer l\u2019Industrie du futur \u00e0 l\u2019Usine du futur. L&#8217;industrie du Futur Le plan &#8220;Usine du futur&#8221; devient &#8220;Industrie du futur&#8221;. Au-del\u00e0 du changement de nom, c\u2019est toute sa gouvernance qui \u00e9volue, avec la cr\u00e9ation d\u2019une association regroupant plusieurs f\u00e9d\u00e9rations pour assurer la mise en \u0153uvre de ce plan Industrie du futur. Une<\/p>\n","protected":false},"author":2,"featured_media":0,"comment_status":"closed","ping_status":"open","sticky":false,"template":"","format":"standard","meta":{"_exactmetrics_skip_tracking":false,"_exactmetrics_sitenote_active":false,"_exactmetrics_sitenote_note":"","_exactmetrics_sitenote_category":0,"_jetpack_memberships_contains_paid_content":false,"item_id":"","pf_source_link":"","item_date":"","item_author":"","item_link":"","item_feat_img":"","item_wp_date":"","item_tags":"","source_publication_name":"","source_publication_url":"","nomination_count":"","sortable_item_date":"","pf_word_count":"","pf_forward_to_origin":"no-forward","footnotes":""},"categories":[122],"tags":[38,121,55,56],"class_list":["post-325","post","type-post","status-publish","format-standard","hentry","category-archives","tag-futur","tag-industrie-du-futur","tag-organisation","tag-tendances"],"yoast_head":"<!-- This site is optimized with the Yoast SEO plugin v23.7 - https:\/\/yoast.com\/wordpress\/plugins\/seo\/ -->\n<title>Cinq raisons de pr\u00e9f\u00e9rer l\u2019 Industrie du futur \u00e0 l\u2019Usine du futur - Praxium<\/title>\n<meta name=\"description\" content=\"Cinq raisons de pr\u00e9f\u00e9rer l\u2019 Industrie du futur \u00e0 l\u2019Usine du futur\" \/>\n<meta name=\"robots\" content=\"index, follow, max-snippet:-1, max-image-preview:large, max-video-preview:-1\" \/>\n<link rel=\"canonical\" href=\"https:\/\/www.praxium.fr\/WordPress3\/cinq-raisons-de-preferer-lindustrie-du-futur-a-lusine-du-futur\/\" \/>\n<meta property=\"og:locale\" content=\"fr_FR\" \/>\n<meta property=\"og:type\" content=\"article\" \/>\n<meta property=\"og:title\" content=\"Cinq raisons de pr\u00e9f\u00e9rer l\u2019 Industrie du futur \u00e0 l\u2019Usine du futur - Praxium\" \/>\n<meta property=\"og:description\" content=\"Cinq raisons de pr\u00e9f\u00e9rer l\u2019 Industrie du futur \u00e0 l\u2019Usine du futur\" \/>\n<meta property=\"og:url\" content=\"https:\/\/www.praxium.fr\/WordPress3\/cinq-raisons-de-preferer-lindustrie-du-futur-a-lusine-du-futur\/\" \/>\n<meta property=\"og:site_name\" content=\"Praxium\" \/>\n<meta property=\"article:publisher\" content=\"https:\/\/www.facebook.com\/praxium\/\" \/>\n<meta property=\"article:published_time\" content=\"2015-04-24T08:36:32+00:00\" \/>\n<meta property=\"article:modified_time\" content=\"2018-04-27T06:43:22+00:00\" \/>\n<meta name=\"author\" content=\"M\u00e9nard\" \/>\n<meta name=\"twitter:card\" content=\"summary_large_image\" \/>\n<meta name=\"twitter:creator\" content=\"@Praxium_fr\" \/>\n<meta name=\"twitter:site\" content=\"@Praxium_fr\" \/>\n<meta name=\"twitter:label1\" content=\"\u00c9crit par\" \/>\n\t<meta name=\"twitter:data1\" content=\"M\u00e9nard\" \/>\n\t<meta name=\"twitter:label2\" content=\"Dur\u00e9e de lecture estim\u00e9e\" \/>\n\t<meta name=\"twitter:data2\" content=\"6 minutes\" \/>\n<script type=\"application\/ld+json\" class=\"yoast-schema-graph\">{\"@context\":\"https:\/\/schema.org\",\"@graph\":[{\"@type\":\"WebPage\",\"@id\":\"https:\/\/www.praxium.fr\/WordPress3\/cinq-raisons-de-preferer-lindustrie-du-futur-a-lusine-du-futur\/\",\"url\":\"https:\/\/www.praxium.fr\/WordPress3\/cinq-raisons-de-preferer-lindustrie-du-futur-a-lusine-du-futur\/\",\"name\":\"Cinq raisons de pr\u00e9f\u00e9rer l\u2019 Industrie du futur \u00e0 l\u2019Usine du futur - Praxium\",\"isPartOf\":{\"@id\":\"https:\/\/www.praxium.fr\/WordPress3\/#website\"},\"datePublished\":\"2015-04-24T08:36:32+00:00\",\"dateModified\":\"2018-04-27T06:43:22+00:00\",\"author\":{\"@id\":\"https:\/\/www.praxium.fr\/WordPress3\/#\/schema\/person\/a03694b6047cf58a5c3dcd970d992691\"},\"description\":\"Cinq raisons de pr\u00e9f\u00e9rer l\u2019 Industrie du futur \u00e0 l\u2019Usine du futur\",\"breadcrumb\":{\"@id\":\"https:\/\/www.praxium.fr\/WordPress3\/cinq-raisons-de-preferer-lindustrie-du-futur-a-lusine-du-futur\/#breadcrumb\"},\"inLanguage\":\"fr-FR\",\"potentialAction\":[{\"@type\":\"ReadAction\",\"target\":[\"https:\/\/www.praxium.fr\/WordPress3\/cinq-raisons-de-preferer-lindustrie-du-futur-a-lusine-du-futur\/\"]}]},{\"@type\":\"BreadcrumbList\",\"@id\":\"https:\/\/www.praxium.fr\/WordPress3\/cinq-raisons-de-preferer-lindustrie-du-futur-a-lusine-du-futur\/#breadcrumb\",\"itemListElement\":[{\"@type\":\"ListItem\",\"position\":1,\"name\":\"Accueil\",\"item\":\"https:\/\/www.praxium.fr\/WordPress3\/\"},{\"@type\":\"ListItem\",\"position\":2,\"name\":\"Archives\",\"item\":\"https:\/\/www.praxium.fr\/WordPress3\/categorie\/archives\/\"},{\"@type\":\"ListItem\",\"position\":3,\"name\":\"Cinq raisons de pr\u00e9f\u00e9rer l\u2019 Industrie du futur \u00e0 l\u2019Usine du futur\"}]},{\"@type\":\"WebSite\",\"@id\":\"https:\/\/www.praxium.fr\/WordPress3\/#website\",\"url\":\"https:\/\/www.praxium.fr\/WordPress3\/\",\"name\":\"Praxium\",\"description\":\"am\u00e9liore votre comp\u00e9titivit\u00e9...\",\"potentialAction\":[{\"@type\":\"SearchAction\",\"target\":{\"@type\":\"EntryPoint\",\"urlTemplate\":\"https:\/\/www.praxium.fr\/WordPress3\/?s={search_term_string}\"},\"query-input\":{\"@type\":\"PropertyValueSpecification\",\"valueRequired\":true,\"valueName\":\"search_term_string\"}}],\"inLanguage\":\"fr-FR\"},{\"@type\":\"Person\",\"@id\":\"https:\/\/www.praxium.fr\/WordPress3\/#\/schema\/person\/a03694b6047cf58a5c3dcd970d992691\",\"name\":\"M\u00e9nard\",\"image\":{\"@type\":\"ImageObject\",\"inLanguage\":\"fr-FR\",\"@id\":\"https:\/\/www.praxium.fr\/WordPress3\/#\/schema\/person\/image\/\",\"url\":\"https:\/\/secure.gravatar.com\/avatar\/dd0aa0144fd26be766846ff71f551a13?s=96&d=mm&r=g\",\"contentUrl\":\"https:\/\/secure.gravatar.com\/avatar\/dd0aa0144fd26be766846ff71f551a13?s=96&d=mm&r=g\",\"caption\":\"M\u00e9nard\"},\"sameAs\":[\"https:\/\/praxium.fr\/\"]}]}<\/script>\n<!-- \/ Yoast SEO plugin. -->","yoast_head_json":{"title":"Cinq raisons de pr\u00e9f\u00e9rer l\u2019 Industrie du futur \u00e0 l\u2019Usine du futur - Praxium","description":"Cinq raisons de pr\u00e9f\u00e9rer l\u2019 Industrie du futur \u00e0 l\u2019Usine du futur","robots":{"index":"index","follow":"follow","max-snippet":"max-snippet:-1","max-image-preview":"max-image-preview:large","max-video-preview":"max-video-preview:-1"},"canonical":"https:\/\/www.praxium.fr\/WordPress3\/cinq-raisons-de-preferer-lindustrie-du-futur-a-lusine-du-futur\/","og_locale":"fr_FR","og_type":"article","og_title":"Cinq raisons de pr\u00e9f\u00e9rer l\u2019 Industrie du futur \u00e0 l\u2019Usine du futur - Praxium","og_description":"Cinq raisons de pr\u00e9f\u00e9rer l\u2019 Industrie du futur \u00e0 l\u2019Usine du futur","og_url":"https:\/\/www.praxium.fr\/WordPress3\/cinq-raisons-de-preferer-lindustrie-du-futur-a-lusine-du-futur\/","og_site_name":"Praxium","article_publisher":"https:\/\/www.facebook.com\/praxium\/","article_published_time":"2015-04-24T08:36:32+00:00","article_modified_time":"2018-04-27T06:43:22+00:00","author":"M\u00e9nard","twitter_card":"summary_large_image","twitter_creator":"@Praxium_fr","twitter_site":"@Praxium_fr","twitter_misc":{"\u00c9crit par":"M\u00e9nard","Dur\u00e9e de lecture estim\u00e9e":"6 minutes"},"schema":{"@context":"https:\/\/schema.org","@graph":[{"@type":"WebPage","@id":"https:\/\/www.praxium.fr\/WordPress3\/cinq-raisons-de-preferer-lindustrie-du-futur-a-lusine-du-futur\/","url":"https:\/\/www.praxium.fr\/WordPress3\/cinq-raisons-de-preferer-lindustrie-du-futur-a-lusine-du-futur\/","name":"Cinq raisons de pr\u00e9f\u00e9rer l\u2019 Industrie du futur \u00e0 l\u2019Usine du futur - Praxium","isPartOf":{"@id":"https:\/\/www.praxium.fr\/WordPress3\/#website"},"datePublished":"2015-04-24T08:36:32+00:00","dateModified":"2018-04-27T06:43:22+00:00","author":{"@id":"https:\/\/www.praxium.fr\/WordPress3\/#\/schema\/person\/a03694b6047cf58a5c3dcd970d992691"},"description":"Cinq raisons de pr\u00e9f\u00e9rer l\u2019 Industrie du futur \u00e0 l\u2019Usine du futur","breadcrumb":{"@id":"https:\/\/www.praxium.fr\/WordPress3\/cinq-raisons-de-preferer-lindustrie-du-futur-a-lusine-du-futur\/#breadcrumb"},"inLanguage":"fr-FR","potentialAction":[{"@type":"ReadAction","target":["https:\/\/www.praxium.fr\/WordPress3\/cinq-raisons-de-preferer-lindustrie-du-futur-a-lusine-du-futur\/"]}]},{"@type":"BreadcrumbList","@id":"https:\/\/www.praxium.fr\/WordPress3\/cinq-raisons-de-preferer-lindustrie-du-futur-a-lusine-du-futur\/#breadcrumb","itemListElement":[{"@type":"ListItem","position":1,"name":"Accueil","item":"https:\/\/www.praxium.fr\/WordPress3\/"},{"@type":"ListItem","position":2,"name":"Archives","item":"https:\/\/www.praxium.fr\/WordPress3\/categorie\/archives\/"},{"@type":"ListItem","position":3,"name":"Cinq raisons de pr\u00e9f\u00e9rer l\u2019 Industrie du futur \u00e0 l\u2019Usine du futur"}]},{"@type":"WebSite","@id":"https:\/\/www.praxium.fr\/WordPress3\/#website","url":"https:\/\/www.praxium.fr\/WordPress3\/","name":"Praxium","description":"am\u00e9liore votre comp\u00e9titivit\u00e9...","potentialAction":[{"@type":"SearchAction","target":{"@type":"EntryPoint","urlTemplate":"https:\/\/www.praxium.fr\/WordPress3\/?s={search_term_string}"},"query-input":{"@type":"PropertyValueSpecification","valueRequired":true,"valueName":"search_term_string"}}],"inLanguage":"fr-FR"},{"@type":"Person","@id":"https:\/\/www.praxium.fr\/WordPress3\/#\/schema\/person\/a03694b6047cf58a5c3dcd970d992691","name":"M\u00e9nard","image":{"@type":"ImageObject","inLanguage":"fr-FR","@id":"https:\/\/www.praxium.fr\/WordPress3\/#\/schema\/person\/image\/","url":"https:\/\/secure.gravatar.com\/avatar\/dd0aa0144fd26be766846ff71f551a13?s=96&d=mm&r=g","contentUrl":"https:\/\/secure.gravatar.com\/avatar\/dd0aa0144fd26be766846ff71f551a13?s=96&d=mm&r=g","caption":"M\u00e9nard"},"sameAs":["https:\/\/praxium.fr\/"]}]}},"jetpack_featured_media_url":"","nominators":[],"jetpack_shortlink":"https:\/\/wp.me\/p5QOhk-5f","jetpack_sharing_enabled":true,"_links":{"self":[{"href":"https:\/\/www.praxium.fr\/WordPress3\/wp-json\/wp\/v2\/posts\/325"}],"collection":[{"href":"https:\/\/www.praxium.fr\/WordPress3\/wp-json\/wp\/v2\/posts"}],"about":[{"href":"https:\/\/www.praxium.fr\/WordPress3\/wp-json\/wp\/v2\/types\/post"}],"author":[{"embeddable":true,"href":"https:\/\/www.praxium.fr\/WordPress3\/wp-json\/wp\/v2\/users\/2"}],"replies":[{"embeddable":true,"href":"https:\/\/www.praxium.fr\/WordPress3\/wp-json\/wp\/v2\/comments?post=325"}],"version-history":[{"count":8,"href":"https:\/\/www.praxium.fr\/WordPress3\/wp-json\/wp\/v2\/posts\/325\/revisions"}],"predecessor-version":[{"id":1745,"href":"https:\/\/www.praxium.fr\/WordPress3\/wp-json\/wp\/v2\/posts\/325\/revisions\/1745"}],"wp:attachment":[{"href":"https:\/\/www.praxium.fr\/WordPress3\/wp-json\/wp\/v2\/media?parent=325"}],"wp:term":[{"attributes":{"taxonomy":"category","embeddable":true},"href":"https:\/\/www.praxium.fr\/WordPress3\/wp-json\/wp\/v2\/categories?post=325"},{"attributes":{"taxonomy":"post_tag","embeddable":true},"href":"https:\/\/www.praxium.fr\/WordPress3\/wp-json\/wp\/v2\/tags?post=325"}],"curies":[{"name":"wp","href":"https:\/\/api.w.org\/{rel}","templated":true}]}}